{"id":7266,"date":"2026-09-03T11:45:15","date_gmt":"2026-09-03T11:45:15","guid":{"rendered":"https:\/\/www.mareallarco.com\/?p=7266"},"modified":"2026-09-03T11:45:15","modified_gmt":"2026-09-03T11:45:15","slug":"paolo-ruffini-a-gaeta-io-sono-perfetto-al-molo-santa-maria","status":"publish","type":"post","link":"https:\/\/www.mareallarco.com\/en\/paolo-ruffini-a-gaeta-io-sono-perfetto-al-molo-santa-maria\/","title":{"rendered":"Paolo Ruffini a Gaeta: \u00abIo sono perfetto\u00bb al Molo Santa Maria"},"content":{"rendered":"<p><img loading=\"lazy\" decoding=\"async\" class=\"alignnone size-medium wp-image-7265\" src=\"https:\/\/www.mareallarco.com\/wp-content\/uploads\/2026\/09\/paolo-ruffini-parole-in-scena-gaeta-5-settembre-2026-1235x1536-1-241x300.webp\" alt=\"\" width=\"241\" height=\"300\" srcset=\"https:\/\/www.mareallarco.com\/wp-content\/uploads\/2026\/09\/paolo-ruffini-parole-in-scena-gaeta-5-settembre-2026-1235x1536-1-241x300.webp 241w, https:\/\/www.mareallarco.com\/wp-content\/uploads\/2026\/09\/paolo-ruffini-parole-in-scena-gaeta-5-settembre-2026-1235x1536-1-823x1024.webp 823w, https:\/\/www.mareallarco.com\/wp-content\/uploads\/2026\/09\/paolo-ruffini-parole-in-scena-gaeta-5-settembre-2026-1235x1536-1-768x955.webp 768w, https:\/\/www.mareallarco.com\/wp-content\/uploads\/2026\/09\/paolo-ruffini-parole-in-scena-gaeta-5-settembre-2026-1235x1536-1-10x12.webp 10w, https:\/\/www.mareallarco.com\/wp-content\/uploads\/2026\/09\/paolo-ruffini-parole-in-scena-gaeta-5-settembre-2026-1235x1536-1.webp 1235w\" sizes=\"auto, (max-width: 241px) 100vw, 241px\" \/><\/p>\n<p>Sabato 5 settembre alle 21:15 Paolo Ruffini al Molo Santa Maria di Gaeta racconta il suo libro \u00abIo sono perfetto\u00bb. Ingresso libero.<\/p>\n<div class=\"wrap center\">\n<h4 class=\"h\">Cosa ti <em>aspetta<\/em><\/h4>\n<\/div>\n<div class=\"wrap\">\n<div class=\"prose\">\n<p>Sabato 5 settembre 2026, alle ore 21:15, PAOLO RUFFINI \u00e8 ospite al Molo Santa Maria di Gaeta per un incontro con il pubblico.<\/p>\n<p>Attore, regista e conduttore tra i volti pi\u00f9 noti della televisione e del cinema italiano, Ruffini racconta il suo libro \u00abIO SONO PERFETTO\u00bb, un racconto che unisce ironia e profondit\u00e0 su temi di grande attualit\u00e0 sociale.<\/p>\n<p>L\u2019incontro nasce in collaborazione con \u00abLibri sulla cresta dell\u2019onda\u00bb.<\/p>\n<p>Paolo Ruffini \u00e8 arrivato al grande pubblico con la conduzione televisiva e il cinema comico, ma negli ultimi anni il suo lavoro pi\u00f9 riconosciuto \u00e8 quello con attori con disabilit\u00e0, da cui sono nati spettacoli e documentari. \u00abIo sono perfetto\u00bb nasce da l\u00ec: \u00e8 il motivo per cui l\u2019incontro non \u00e8 soltanto una presentazione di un libro.<\/p>\n<p>Si entra liberamente, senza prenotazione, fino a esaurimento dei posti: per un ospite di questo richiamo conviene arrivare in anticipo.<\/p>\n<p>L\u2019incontro fa parte di PAROLE IN SCENA, la rassegna nata per valorizzare il patrimonio artistico e la memoria storica del Complesso Monumentale della SS. Annunziata di Gaeta, promossa da Regione Lazio, LAZIOcrea e IRL \u2014 Istituti Riuniti del Lazio, con il patrocinio della Citt\u00e0 di Gaeta e la collaborazione di ATCL.<\/p>\n<p>Ingresso libero fino a esaurimento dei posti. Informazioni: complessoannunziata@istitutiriunitilazio.it.<\/p>\n<p>Molo Santa Maria \u2014 il porticciolo davanti alla citt\u00e0 vecchia, nel cuore di Gaeta Medievale.<\/p>\n<\/div>\n<\/div>\n<p>&nbsp;<\/p>","protected":false},"excerpt":{"rendered":"<p>Sabato 5 settembre alle 21:15 Paolo Ruffini al Molo Santa Maria di Gaeta racconta il suo libro \u00abIo sono perfetto\u00bb. Ingresso libero. Cosa ti aspetta Sabato 5 settembre 2026, alle ore 21:15, PAOLO RUFFINI \u00e8 ospite al Molo Santa Maria di Gaeta per un incontro con il pubblico. Attore, regista e conduttore tra i volti [&hellip;]<\/p>","protected":false},"author":1,"featured_media":7265,"comment_status":"closed","ping_status":"closed","sticky":false,"template":"","format":"standard","meta":{"footnotes":""},"categories":[109,118,1],"tags":[],"class_list":["post-7266","post","type-post","status-publish","format-standard","has-post-thumbnail","hentry","category-escursioni","category-news","category-servizi"],"_links":{"self":[{"href":"https:\/\/www.mareallarco.com\/en\/wp-json\/wp\/v2\/posts\/7266","targetHints":{"allow":["GET"]}}],"collection":[{"href":"https:\/\/www.mareallarco.com\/en\/wp-json\/wp\/v2\/posts"}],"about":[{"href":"https:\/\/www.mareallarco.com\/en\/wp-json\/wp\/v2\/types\/post"}],"author":[{"embeddable":true,"href":"https:\/\/www.mareallarco.com\/en\/wp-json\/wp\/v2\/users\/1"}],"replies":[{"embeddable":true,"href":"https:\/\/www.mareallarco.com\/en\/wp-json\/wp\/v2\/comments?post=7266"}],"version-history":[{"count":1,"href":"https:\/\/www.mareallarco.com\/en\/wp-json\/wp\/v2\/posts\/7266\/revisions"}],"predecessor-version":[{"id":7267,"href":"https:\/\/www.mareallarco.com\/en\/wp-json\/wp\/v2\/posts\/7266\/revisions\/7267"}],"wp:featuredmedia":[{"embeddable":true,"href":"https:\/\/www.mareallarco.com\/en\/wp-json\/wp\/v2\/media\/7265"}],"wp:attachment":[{"href":"https:\/\/www.mareallarco.com\/en\/wp-json\/wp\/v2\/media?parent=7266"}],"wp:term":[{"taxonomy":"category","embeddable":true,"href":"https:\/\/www.mareallarco.com\/en\/wp-json\/wp\/v2\/categories?post=7266"},{"taxonomy":"post_tag","embeddable":true,"href":"https:\/\/www.mareallarco.com\/en\/wp-json\/wp\/v2\/tags?post=7266"}],"curies":[{"name":"wp","href":"https:\/\/api.w.org\/{rel}","templated":true}]}}