{"id":7280,"date":"2026-09-03T12:36:18","date_gmt":"2026-09-03T12:36:18","guid":{"rendered":"https:\/\/www.mareallarco.com\/?p=7280"},"modified":"2026-09-03T12:36:18","modified_gmt":"2026-09-03T12:36:18","slug":"orari-monumenti-e-musei-di-gaeta-chiese-santuari-castello-musei-e-il-promontorio-di-monte-orlando","status":"publish","type":"post","link":"https:\/\/www.mareallarco.com\/en\/orari-monumenti-e-musei-di-gaeta-chiese-santuari-castello-musei-e-il-promontorio-di-monte-orlando\/","title":{"rendered":"Orari monumenti e musei di Gaeta  Chiese, santuari, castello, musei e il promontorio di Monte Orlando."},"content":{"rendered":"<section id=\"sez-orlando\" class=\"plc-sec orr-sec\">\n<h2 class=\"plc-h\">Monte Orlando e la Montagna Spaccata<\/h2>\n<p class=\"orr-sec-p\">Il santuario, la fenditura, la Grotta del Turco e il parco: stesso promontorio, orari diversi. Il luned\u00ec il percorso sacro resta chiuso.<\/p>\n<div class=\"orr-list\">\n<article class=\"orr-item is-open\" data-w=\"Chiuso|09:00-12:00 \/ 14:30-19:00|09:00-12:00 \/ 14:30-19:00|09:00-12:00 \/ 14:30-19:00|09:00-12:00 \/ 14:30-19:00|09:00-12:00 \/ 14:30-19:00|09:00-12:00 \/ 14:30-19:00\"><img loading=\"lazy\" decoding=\"async\" class=\"alignnone size-medium wp-image-7281\" src=\"https:\/\/www.mareallarco.com\/wp-content\/uploads\/2026\/09\/20250811_220616-scaled-e1761424342753-169x300.webp\" alt=\"\" width=\"169\" height=\"300\" srcset=\"https:\/\/www.mareallarco.com\/wp-content\/uploads\/2026\/09\/20250811_220616-scaled-e1761424342753-169x300.webp 169w, https:\/\/www.mareallarco.com\/wp-content\/uploads\/2026\/09\/20250811_220616-scaled-e1761424342753-576x1024.webp 576w, https:\/\/www.mareallarco.com\/wp-content\/uploads\/2026\/09\/20250811_220616-scaled-e1761424342753-7x12.webp 7w, https:\/\/www.mareallarco.com\/wp-content\/uploads\/2026\/09\/20250811_220616-scaled-e1761424342753.webp 720w\" sizes=\"auto, (max-width: 169px) 100vw, 169px\" \/><\/p>\n<h3><a href=\"https:\/\/scoprigaeta.it\/attrazione\/montagna-spaccata-monte-orlando\/\">Montagna Spaccata (Monte Orlando)<\/a><\/h3>\n<p class=\"orr-today\" aria-live=\"off\">Oggi: 09:00\u201312:00, 14:30\u201319:00<\/p>\n<p class=\"orr-when\">Marted\u00ec\u2013domenica: 09:00 \u2013 12:00 \/ 14:30 \u2013 19:00. Chiuso: luned\u00ec.<\/p>\n<p><img loading=\"lazy\" decoding=\"async\" class=\"alignnone size-medium wp-image-7282\" src=\"https:\/\/www.mareallarco.com\/wp-content\/uploads\/2026\/09\/DJI_0419-1024x576-1-300x169.webp\" alt=\"\" width=\"300\" height=\"169\" srcset=\"https:\/\/www.mareallarco.com\/wp-content\/uploads\/2026\/09\/DJI_0419-1024x576-1-300x169.webp 300w, https:\/\/www.mareallarco.com\/wp-content\/uploads\/2026\/09\/DJI_0419-1024x576-1-768x432.webp 768w, https:\/\/www.mareallarco.com\/wp-content\/uploads\/2026\/09\/DJI_0419-1024x576-1-18x10.webp 18w, https:\/\/www.mareallarco.com\/wp-content\/uploads\/2026\/09\/DJI_0419-1024x576-1.webp 1024w\" sizes=\"auto, (max-width: 300px) 100vw, 300px\" \/><\/p>\n<\/article>\n<article class=\"orr-item is-open\" data-w=\"Chiuso|09:00-11:45 \/ 14:30-18:30|09:00-11:45 \/ 14:30-18:30|09:00-11:45 \/ 14:30-18:30|09:00-11:45 \/ 14:30-18:30|09:00-11:45 \/ 14:30-18:30|09:00-11:45 \/ 14:30-18:30\">\n<h3><a href=\"https:\/\/scoprigaeta.it\/attrazione\/grotta-del-turco-monte-orlando\/\">Grotta del Turco (Monte Orlando)<\/a><\/h3>\n<p class=\"orr-today\" aria-live=\"off\">Oggi: 09:00\u201311:45, 14:30\u201318:30<\/p>\n<p class=\"orr-when\">Marted\u00ec\u2013domenica: 09:00 \u2013 11:45 \/ 14:30 \u2013 18:30. Chiuso: luned\u00ec.<\/p>\n<\/article>\n<article class=\"orr-item is-open\" data-w=\"06:45-18:30|06:45-18:30|06:45-18:30|06:45-18:30|06:45-18:30|06:45-18:30|06:45-18:30\"><img loading=\"lazy\" decoding=\"async\" class=\"alignnone size-medium wp-image-7283\" src=\"https:\/\/www.mareallarco.com\/wp-content\/uploads\/2026\/09\/DJI_0042-1024x576-1-300x169.webp\" alt=\"\" width=\"300\" height=\"169\" srcset=\"https:\/\/www.mareallarco.com\/wp-content\/uploads\/2026\/09\/DJI_0042-1024x576-1-300x169.webp 300w, https:\/\/www.mareallarco.com\/wp-content\/uploads\/2026\/09\/DJI_0042-1024x576-1-768x432.webp 768w, https:\/\/www.mareallarco.com\/wp-content\/uploads\/2026\/09\/DJI_0042-1024x576-1-18x10.webp 18w, https:\/\/www.mareallarco.com\/wp-content\/uploads\/2026\/09\/DJI_0042-1024x576-1.webp 1024w\" sizes=\"auto, (max-width: 300px) 100vw, 300px\" \/><\/p>\n<h3><a href=\"https:\/\/scoprigaeta.it\/attrazione\/santuario-della-ss-trinita-monte-orlando\/\">Santuario della Santissima Trinit\u00e0 (Monte Orlando)<\/a><\/h3>\n<p class=\"orr-today\" aria-live=\"off\">Oggi: 06:45\u201318:30<\/p>\n<p class=\"orr-when\">Luned\u00ec\u2013domenica: 06:45 \u2013 18:30.<\/p>\n<\/article>\n<article class=\"orr-item is-open\" data-w=\"Chiuso|09:00-12:00 \/ 14:30-19:00|09:00-12:00 \/ 14:30-19:00|09:00-12:00 \/ 14:30-19:00|09:00-12:00 \/ 14:30-19:00|09:00-12:00 \/ 14:30-19:00|09:00-12:00 \/ 14:30-19:00\"><img loading=\"lazy\" decoding=\"async\" class=\"alignnone size-medium wp-image-7284\" src=\"https:\/\/www.mareallarco.com\/wp-content\/uploads\/2026\/09\/dji_fly_20250517_120012_0285_1747476049980_photo-300x169.webp\" alt=\"\" width=\"300\" height=\"169\" srcset=\"https:\/\/www.mareallarco.com\/wp-content\/uploads\/2026\/09\/dji_fly_20250517_120012_0285_1747476049980_photo-300x169.webp 300w, https:\/\/www.mareallarco.com\/wp-content\/uploads\/2026\/09\/dji_fly_20250517_120012_0285_1747476049980_photo-768x432.webp 768w, https:\/\/www.mareallarco.com\/wp-content\/uploads\/2026\/09\/dji_fly_20250517_120012_0285_1747476049980_photo-18x10.webp 18w, https:\/\/www.mareallarco.com\/wp-content\/uploads\/2026\/09\/dji_fly_20250517_120012_0285_1747476049980_photo.webp 875w\" sizes=\"auto, (max-width: 300px) 100vw, 300px\" \/><\/p>\n<h3><a href=\"https:\/\/scoprigaeta.it\/attrazione\/cappella-del-santissimo-crocifisso\/\">Cappella del Santissimo Crocifisso<\/a><\/h3>\n<p class=\"orr-today\" aria-live=\"off\">Oggi: 09:00\u201312:00, 14:30\u201319:00<\/p>\n<p class=\"orr-when\">Marted\u00ec\u2013domenica: 09:00 \u2013 12:00 \/ 14:30 \u2013 19:00. Chiuso: luned\u00ec.<\/p>\n<p class=\"orr-checked\">Verificato il 22 Agosto 2026 sulla fonte ufficiale.<\/p>\n<\/article>\n<\/div>\n<\/section>\n<section id=\"sez-chiese\" class=\"plc-sec orr-sec\">\n<p class=\"plc-eyebrow\">12 luoghi<\/p>\n<\/section>\n<section id=\"sez-chiese\" class=\"plc-sec orr-sec\">\n<h2 class=\"plc-h\">Chiese e santuari<\/h2>\n<p class=\"orr-sec-p\">Gli orari di visita seguono le celebrazioni: durante le messe si entra per pregare, non per visitare.<\/p>\n<div class=\"orr-list\">\n<article class=\"orr-item is-open\" data-w=\"16:30-18:30|16:30-18:30|16:30-18:30|16:30-18:30|10:30-12:30 \/ 16:30-18:30|10:30-12:30 \/ 16:30-18:30|16:30-18:30\"><img loading=\"lazy\" decoding=\"async\" class=\"alignnone size-medium wp-image-7285\" src=\"https:\/\/www.mareallarco.com\/wp-content\/uploads\/2026\/09\/PXL_20240427_172548894-e1754467668426-1024x777-1-300x228.webp\" alt=\"\" width=\"300\" height=\"228\" srcset=\"https:\/\/www.mareallarco.com\/wp-content\/uploads\/2026\/09\/PXL_20240427_172548894-e1754467668426-1024x777-1-300x228.webp 300w, https:\/\/www.mareallarco.com\/wp-content\/uploads\/2026\/09\/PXL_20240427_172548894-e1754467668426-1024x777-1-768x583.webp 768w, https:\/\/www.mareallarco.com\/wp-content\/uploads\/2026\/09\/PXL_20240427_172548894-e1754467668426-1024x777-1-16x12.webp 16w, https:\/\/www.mareallarco.com\/wp-content\/uploads\/2026\/09\/PXL_20240427_172548894-e1754467668426-1024x777-1.webp 1024w\" sizes=\"auto, (max-width: 300px) 100vw, 300px\" \/><\/p>\n<h3><a href=\"https:\/\/scoprigaeta.it\/attrazione\/basilica-cattedrale-di-s-erasmo\/\">Basilica Cattedrale di Sant\u2019Erasmo<\/a><\/h3>\n<p class=\"orr-today\" aria-live=\"off\">Oggi: 16:30\u201318:30<\/p>\n<p class=\"orr-when\">Luned\u00ec\u2013gioved\u00ec: 16:30 \u2013 18:30. Venerd\u00ec\u2013sabato: 10:30 \u2013 12:30 \/ 16:30 \u2013 18:30. Domenica: 16:30 \u2013 18:30.<\/p>\n<\/article>\n<article class=\"orr-item is-closed\" data-w=\"Chiuso|Chiuso|16:30-18:30|Chiuso|Chiuso|16:30-18:30|16:30-18:30\"><img loading=\"lazy\" decoding=\"async\" class=\"alignnone size-medium wp-image-7286\" src=\"https:\/\/www.mareallarco.com\/wp-content\/uploads\/2026\/09\/DJI_20241011190414_0215_D-1024x576-1-300x169.webp\" alt=\"\" width=\"300\" height=\"169\" srcset=\"https:\/\/www.mareallarco.com\/wp-content\/uploads\/2026\/09\/DJI_20241011190414_0215_D-1024x576-1-300x169.webp 300w, https:\/\/www.mareallarco.com\/wp-content\/uploads\/2026\/09\/DJI_20241011190414_0215_D-1024x576-1-768x432.webp 768w, https:\/\/www.mareallarco.com\/wp-content\/uploads\/2026\/09\/DJI_20241011190414_0215_D-1024x576-1-18x10.webp 18w, https:\/\/www.mareallarco.com\/wp-content\/uploads\/2026\/09\/DJI_20241011190414_0215_D-1024x576-1.webp 1024w\" sizes=\"auto, (max-width: 300px) 100vw, 300px\" \/><\/p>\n<h3><a href=\"https:\/\/scoprigaeta.it\/attrazione\/tempio-di-san-francesco\/\">Tempio di San Francesco<\/a><\/h3>\n<p class=\"orr-today\" aria-live=\"off\">Oggi chiuso<\/p>\n<p class=\"orr-when\">Mercoled\u00ec: 16:30 \u2013 18:30. Sabato\u2013domenica: 16:30 \u2013 18:30. Chiuso: luned\u00ec\u2013marted\u00ec, gioved\u00ec\u2013venerd\u00ec.<\/p>\n<\/article>\n<article class=\"orr-item is-open\" data-w=\"16:00-19:30|16:00-19:30|16:00-19:30|16:00-19:30|16:00-19:30|16:00-19:30|09:30-12:00 \/ 16:30-19:30\"><img loading=\"lazy\" decoding=\"async\" class=\"alignnone size-medium wp-image-7287\" src=\"https:\/\/www.mareallarco.com\/wp-content\/uploads\/2026\/09\/1920px-Gaeta_chiesa_di_Santa_Maria_di_Porto_Salvo_-_Abside_ed_ex_convento-1024x611-1-300x179.webp\" alt=\"\" width=\"300\" height=\"179\" srcset=\"https:\/\/www.mareallarco.com\/wp-content\/uploads\/2026\/09\/1920px-Gaeta_chiesa_di_Santa_Maria_di_Porto_Salvo_-_Abside_ed_ex_convento-1024x611-1-300x179.webp 300w, https:\/\/www.mareallarco.com\/wp-content\/uploads\/2026\/09\/1920px-Gaeta_chiesa_di_Santa_Maria_di_Porto_Salvo_-_Abside_ed_ex_convento-1024x611-1-768x458.webp 768w, https:\/\/www.mareallarco.com\/wp-content\/uploads\/2026\/09\/1920px-Gaeta_chiesa_di_Santa_Maria_di_Porto_Salvo_-_Abside_ed_ex_convento-1024x611-1-18x12.webp 18w, https:\/\/www.mareallarco.com\/wp-content\/uploads\/2026\/09\/1920px-Gaeta_chiesa_di_Santa_Maria_di_Porto_Salvo_-_Abside_ed_ex_convento-1024x611-1.webp 1024w\" sizes=\"auto, (max-width: 300px) 100vw, 300px\" \/><\/p>\n<h3><a href=\"https:\/\/scoprigaeta.it\/attrazione\/chiesa-di-maria-ss-di-porto-salvo\/\">Chiesa di Maria Santissima di Porto Salvo<\/a><\/h3>\n<p class=\"orr-today\" aria-live=\"off\">Oggi: 16:00\u201319:30<\/p>\n<p class=\"orr-when\">Luned\u00ec\u2013sabato: 16:00 \u2013 19:30. Domenica: 09:30 \u2013 12:00 \/ 16:30 \u2013 19:30.<\/p>\n<\/article>\n<article class=\"orr-item is-open\" data-w=\"08:00-20:00|08:00-20:00|08:00-20:00|08:00-20:00|08:00-20:00|08:00-20:00|08:00-20:00\">\u00a0<img loading=\"lazy\" decoding=\"async\" class=\"alignnone size-medium wp-image-7289\" src=\"https:\/\/www.mareallarco.com\/wp-content\/uploads\/2026\/09\/s.carlo00001-259x300.webp\" alt=\"\" width=\"259\" height=\"300\" srcset=\"https:\/\/www.mareallarco.com\/wp-content\/uploads\/2026\/09\/s.carlo00001-259x300.webp 259w, https:\/\/www.mareallarco.com\/wp-content\/uploads\/2026\/09\/s.carlo00001-10x12.webp 10w, https:\/\/www.mareallarco.com\/wp-content\/uploads\/2026\/09\/s.carlo00001.webp 480w\" sizes=\"auto, (max-width: 259px) 100vw, 259px\" \/><\/p>\n<h3><a href=\"https:\/\/scoprigaeta.it\/attrazione\/chiesa-di-san-carlo-borromeo\/\">Chiesa di San Carlo Borromeo<\/a><\/h3>\n<p class=\"orr-today\" aria-live=\"off\">Oggi: 08:00\u201320:00<\/p>\n<p class=\"orr-when\">Luned\u00ec\u2013domenica: 08:00 \u2013 20:00.<\/p>\n<\/article>\n<article class=\"orr-item is-closed\" data-w=\"Chiuso|Chiuso|Chiuso|Chiuso|Chiuso|Chiuso|08:00-11:30\"><img loading=\"lazy\" decoding=\"async\" class=\"alignnone size-medium wp-image-7290\" src=\"https:\/\/www.mareallarco.com\/wp-content\/uploads\/2026\/09\/WP_20141025_001-1-290x300.webp\" alt=\"\" width=\"290\" height=\"300\" srcset=\"https:\/\/www.mareallarco.com\/wp-content\/uploads\/2026\/09\/WP_20141025_001-1-290x300.webp 290w, https:\/\/www.mareallarco.com\/wp-content\/uploads\/2026\/09\/WP_20141025_001-1-768x794.webp 768w, https:\/\/www.mareallarco.com\/wp-content\/uploads\/2026\/09\/WP_20141025_001-1-12x12.webp 12w, https:\/\/www.mareallarco.com\/wp-content\/uploads\/2026\/09\/WP_20141025_001-1.webp 897w\" sizes=\"auto, (max-width: 290px) 100vw, 290px\" \/><\/p>\n<h3><a href=\"https:\/\/scoprigaeta.it\/attrazione\/chiesa-di-san-cosma-vecchio\/\">Chiesa di San Cosma Vecchio<\/a><\/h3>\n<p class=\"orr-today\" aria-live=\"off\">Oggi chiuso<\/p>\n<p class=\"orr-when\">Domenica: 08:00 \u2013 11:30. Chiuso: luned\u00ec\u2013sabato.<\/p>\n<\/article>\n<article class=\"orr-item is-closed\" data-w=\"Chiuso|Chiuso|Chiuso|Chiuso|Chiuso|Chiuso|10:00-12:00\"><img loading=\"lazy\" decoding=\"async\" class=\"alignnone size-medium wp-image-7291\" src=\"https:\/\/www.mareallarco.com\/wp-content\/uploads\/2026\/09\/IMG_20240427_122004743-300x226.webp\" alt=\"\" width=\"300\" height=\"226\" srcset=\"https:\/\/www.mareallarco.com\/wp-content\/uploads\/2026\/09\/IMG_20240427_122004743-300x226.webp 300w, https:\/\/www.mareallarco.com\/wp-content\/uploads\/2026\/09\/IMG_20240427_122004743-768x578.webp 768w, https:\/\/www.mareallarco.com\/wp-content\/uploads\/2026\/09\/IMG_20240427_122004743-16x12.webp 16w, https:\/\/www.mareallarco.com\/wp-content\/uploads\/2026\/09\/IMG_20240427_122004743.webp 875w\" sizes=\"auto, (max-width: 300px) 100vw, 300px\" \/><\/p>\n<h3><a href=\"https:\/\/scoprigaeta.it\/attrazione\/chiesa-di-san-domenico\/\">Chiesa di San Domenico<\/a><\/h3>\n<p class=\"orr-today\" aria-live=\"off\">Oggi chiuso<\/p>\n<p class=\"orr-when\">Domenica: 10:00 \u2013 12:00. Chiuso: luned\u00ec\u2013sabato.<\/p>\n<\/article>\n<article class=\"orr-item is-open\" data-w=\"08:30-12:30 \/ 17:00-19:30|08:30-12:30 \/ 17:00-19:30|08:30-12:30 \/ 17:00-19:30|08:30-12:30 \/ 17:00-19:30|08:30-12:30 \/ 17:00-19:30|08:30-12:30 \/ 17:00-19:30|08:30-12:30 \/ 17:00-19:30\"><img loading=\"lazy\" decoding=\"async\" class=\"alignnone size-full wp-image-7292\" src=\"https:\/\/www.mareallarco.com\/wp-content\/uploads\/2026\/09\/IMG_20240428_190427873-1-288x180-1.webp\" alt=\"\" width=\"288\" height=\"180\" srcset=\"https:\/\/www.mareallarco.com\/wp-content\/uploads\/2026\/09\/IMG_20240428_190427873-1-288x180-1.webp 288w, https:\/\/www.mareallarco.com\/wp-content\/uploads\/2026\/09\/IMG_20240428_190427873-1-288x180-1-18x12.webp 18w\" sizes=\"auto, (max-width: 288px) 100vw, 288px\" \/><\/p>\n<h3><a href=\"https:\/\/scoprigaeta.it\/attrazione\/chiesa-di-san-giacomo\/\">Chiesa di San Giacomo<\/a><\/h3>\n<p class=\"orr-today\" aria-live=\"off\">Oggi: 08:30\u201312:30, 17:00\u201319:30<\/p>\n<p class=\"orr-when\">Luned\u00ec\u2013domenica: 08:30 \u2013 12:30 \/ 17:00 \u2013 19:30.<\/p>\n<\/article>\n<article class=\"orr-item is-open\" data-w=\"16:30-18:30|16:30-18:30|16:30-18:30|16:30-18:30|16:30-18:30|16:30-18:30|16:30-18:30\"><img loading=\"lazy\" decoding=\"async\" class=\"alignnone size-medium wp-image-7293\" src=\"https:\/\/www.mareallarco.com\/wp-content\/uploads\/2026\/09\/IMG_20240501_093821511-1-226x300.webp\" alt=\"\" width=\"226\" height=\"300\" srcset=\"https:\/\/www.mareallarco.com\/wp-content\/uploads\/2026\/09\/IMG_20240501_093821511-1-226x300.webp 226w, https:\/\/www.mareallarco.com\/wp-content\/uploads\/2026\/09\/IMG_20240501_093821511-1-771x1024.webp 771w, https:\/\/www.mareallarco.com\/wp-content\/uploads\/2026\/09\/IMG_20240501_093821511-1-768x1020.webp 768w, https:\/\/www.mareallarco.com\/wp-content\/uploads\/2026\/09\/IMG_20240501_093821511-1-9x12.webp 9w, https:\/\/www.mareallarco.com\/wp-content\/uploads\/2026\/09\/IMG_20240501_093821511-1.webp 819w\" sizes=\"auto, (max-width: 226px) 100vw, 226px\" \/><\/p>\n<h3><a href=\"https:\/\/scoprigaeta.it\/attrazione\/chiesa-di-san-giovanni-evangelista-a-mare\/\">Chiesa di San Giovanni Evangelista a Mare<\/a><\/h3>\n<p class=\"orr-today\" aria-live=\"off\">Oggi: 16:30\u201318:30<\/p>\n<p class=\"orr-when\">Luned\u00ec\u2013domenica: 16:30 \u2013 18:30.<\/p>\n<\/article>\n<article class=\"orr-item is-closed\" data-w=\"Chiuso|Chiuso|Chiuso|Chiuso|Chiuso|Chiuso|10:00-12:00\"><img loading=\"lazy\" decoding=\"async\" class=\"alignnone size-medium wp-image-7294\" src=\"https:\/\/www.mareallarco.com\/wp-content\/uploads\/2026\/09\/1024px-Gaeta_ex_chiesa_di_Santa_Lucia_-_Esterno-294x300.webp\" alt=\"\" width=\"294\" height=\"300\" srcset=\"https:\/\/www.mareallarco.com\/wp-content\/uploads\/2026\/09\/1024px-Gaeta_ex_chiesa_di_Santa_Lucia_-_Esterno-294x300.webp 294w, https:\/\/www.mareallarco.com\/wp-content\/uploads\/2026\/09\/1024px-Gaeta_ex_chiesa_di_Santa_Lucia_-_Esterno-12x12.webp 12w, https:\/\/www.mareallarco.com\/wp-content\/uploads\/2026\/09\/1024px-Gaeta_ex_chiesa_di_Santa_Lucia_-_Esterno.webp 678w\" sizes=\"auto, (max-width: 294px) 100vw, 294px\" \/><\/p>\n<h3><a href=\"https:\/\/scoprigaeta.it\/attrazione\/chiesa-di-santa-lucia-auditorium-santa-lucia\/\">Chiesa di Santa Lucia (Auditorium Santa Lucia)<\/a><\/h3>\n<p class=\"orr-today\" aria-live=\"off\">Oggi chiuso<\/p>\n<p class=\"orr-when\">Domenica: 10:00 \u2013 12:00. Chiuso: luned\u00ec\u2013sabato.<\/p>\n<\/article>\n<article class=\"orr-item is-closed\" data-w=\"Chiuso|Chiuso|Chiuso|Chiuso|Chiuso|Chiuso|10:00-12:00 \/ 16:00-18:00\"><a class=\"orr-fig\" tabindex=\"-1\" href=\"https:\/\/scoprigaeta.it\/attrazione\/convento-suore-crocifisse-adoratrici-delleucaristia\/\" aria-hidden=\"true\"><img loading=\"lazy\" decoding=\"async\" class=\"attachment-medium_large size-medium_large entered lazyloaded\" src=\"https:\/\/scoprigaeta.it\/wp-content\/uploads\/2025\/09\/dji_fly_20250411_124212_0084_17443713_photo_mobile-1.webp\" sizes=\"auto, 96px\" srcset=\"https:\/\/scoprigaeta.it\/wp-content\/uploads\/2025\/09\/dji_fly_20250411_124212_0084_17443713_photo_mobile-1.webp 439w, https:\/\/scoprigaeta.it\/wp-content\/uploads\/2025\/09\/dji_fly_20250411_124212_0084_17443713_photo_mobile-1-297x300.webp 297w\" alt=\"Portale d'ingresso del Real Collegio della Santissima Vergine Addolorata a Gaeta\" width=\"439\" height=\"444\" data-lazy-sizes=\"auto, 96px\" data-lazy-srcset=\"https:\/\/scoprigaeta.it\/wp-content\/uploads\/2025\/09\/dji_fly_20250411_124212_0084_17443713_photo_mobile-1.webp 439w, https:\/\/scoprigaeta.it\/wp-content\/uploads\/2025\/09\/dji_fly_20250411_124212_0084_17443713_photo_mobile-1-297x300.webp 297w\" data-lazy-src=\"https:\/\/scoprigaeta.it\/wp-content\/uploads\/2025\/09\/dji_fly_20250411_124212_0084_17443713_photo_mobile-1.webp\" data-ll-status=\"loaded\" \/><\/a><\/p>\n<h3><a href=\"https:\/\/scoprigaeta.it\/attrazione\/convento-suore-crocifisse-adoratrici-delleucaristia\/\">Convento Suore Crocifisse Adoratrici dell\u2019Eucaristia<\/a><\/h3>\n<p class=\"orr-today\" aria-live=\"off\">Oggi chiuso<\/p>\n<p class=\"orr-when\">Domenica: 10:00 \u2013 12:00 \/ 16:00 \u2013 18:00. Chiuso: luned\u00ec\u2013sabato.<\/p>\n<\/article>\n<article class=\"orr-item is-open\" data-w=\"16:30-18:30|16:30-18:30|16:30-18:30|16:30-18:30|10:30-12:30 \/ 16:30-18:30|10:30-12:30 \/ 16:30-18:30|16:30-18:30\"><img loading=\"lazy\" decoding=\"async\" class=\"alignnone size-medium wp-image-7295\" src=\"https:\/\/www.mareallarco.com\/wp-content\/uploads\/2026\/09\/20250423_160836-scaled-e1760558741518-169x300.webp\" alt=\"\" width=\"169\" height=\"300\" srcset=\"https:\/\/www.mareallarco.com\/wp-content\/uploads\/2026\/09\/20250423_160836-scaled-e1760558741518-169x300.webp 169w, https:\/\/www.mareallarco.com\/wp-content\/uploads\/2026\/09\/20250423_160836-scaled-e1760558741518-7x12.webp 7w, https:\/\/www.mareallarco.com\/wp-content\/uploads\/2026\/09\/20250423_160836-scaled-e1760558741518.webp 450w\" sizes=\"auto, (max-width: 169px) 100vw, 169px\" \/><\/p>\n<h3><a href=\"https:\/\/scoprigaeta.it\/attrazione\/cripta-di-s-erasmo\/\">Cripta di Sant\u2019Erasmo<\/a><\/h3>\n<p class=\"orr-today\" aria-live=\"off\">Oggi: 16:30\u201318:30<\/p>\n<p class=\"orr-when\">Luned\u00ec\u2013gioved\u00ec: 16:30 \u2013 18:30. Venerd\u00ec\u2013sabato: 10:30 \u2013 12:30 \/ 16:30 \u2013 18:30. Domenica: 16:30 \u2013 18:30.<\/p>\n<\/article>\n<article class=\"orr-item is-open\" data-w=\"07:30-20:00|07:30-20:00|07:30-20:00|07:30-20:00|07:30-20:00|07:30-20:00|07:30-20:00\"><a class=\"orr-fig\" tabindex=\"-1\" href=\"https:\/\/scoprigaeta.it\/attrazione\/santuario-di-san-nilo-abate\/\" aria-hidden=\"true\"><img loading=\"lazy\" decoding=\"async\" class=\"attachment-sg_card size-sg_card entered lazyloaded\" src=\"https:\/\/scoprigaeta.it\/wp-content\/uploads\/2025\/01\/Gaeta_Santuario_di_San_Nilo_-_Esterno-823x420-1-576x360.webp\" sizes=\"auto, 96px\" srcset=\"https:\/\/scoprigaeta.it\/wp-content\/uploads\/2025\/01\/Gaeta_Santuario_di_San_Nilo_-_Esterno-823x420-1-576x360.webp 576w, https:\/\/scoprigaeta.it\/wp-content\/uploads\/2025\/01\/Gaeta_Santuario_di_San_Nilo_-_Esterno-823x420-1-288x180.webp 288w\" alt=\"Gaeta Santuario di San Nilo Esterno 823x420 1\" width=\"576\" height=\"360\" data-lazy-sizes=\"auto, 96px\" data-lazy-srcset=\"https:\/\/scoprigaeta.it\/wp-content\/uploads\/2025\/01\/Gaeta_Santuario_di_San_Nilo_-_Esterno-823x420-1-576x360.webp 576w, https:\/\/scoprigaeta.it\/wp-content\/uploads\/2025\/01\/Gaeta_Santuario_di_San_Nilo_-_Esterno-823x420-1-288x180.webp 288w\" data-lazy-src=\"https:\/\/scoprigaeta.it\/wp-content\/uploads\/2025\/01\/Gaeta_Santuario_di_San_Nilo_-_Esterno-823x420-1-576x360.webp\" data-ll-status=\"loaded\" \/><\/a><\/p>\n<h3><a href=\"https:\/\/scoprigaeta.it\/attrazione\/santuario-di-san-nilo-abate\/\">Santuario di San Nilo Abate<\/a><\/h3>\n<p class=\"orr-today\" aria-live=\"off\">Oggi: 07:30\u201320:00<\/p>\n<p class=\"orr-when\">Luned\u00ec\u2013domenica: 07:30 \u2013 20:00.<\/p>\n<\/article>\n<\/div>\n<\/section>\n<section id=\"sez-monumenti\" class=\"plc-sec orr-sec\">\n<p class=\"plc-eyebrow\">4 luoghi<\/p>\n<p><img loading=\"lazy\" decoding=\"async\" class=\"alignnone size-full wp-image-7297\" src=\"https:\/\/www.mareallarco.com\/wp-content\/uploads\/2026\/09\/DJI_20241002080659_0017_D-e1754603142952-288x180-1.webp\" alt=\"\" width=\"288\" height=\"180\" srcset=\"https:\/\/www.mareallarco.com\/wp-content\/uploads\/2026\/09\/DJI_20241002080659_0017_D-e1754603142952-288x180-1.webp 288w, https:\/\/www.mareallarco.com\/wp-content\/uploads\/2026\/09\/DJI_20241002080659_0017_D-e1754603142952-288x180-1-18x12.webp 18w\" sizes=\"auto, (max-width: 288px) 100vw, 288px\" \/>.<\/p>\n<h3><a href=\"https:\/\/scoprigaeta.it\/attrazione\/castello-angioino-aragonese\/\">Castello Angioino-Aragonese<\/a><\/h3>\n<p class=\"orr-today\" aria-live=\"off\">Oggi: 10:00\u201313:00, 15:30\u201317:00<\/p>\n<p class=\"orr-when\">Luned\u00ec: 10:00 \u2013 13:00 \/ 15:30 \u2013 17:00. Marted\u00ec: 10:00 \u2013 13:00 \/ 16:00 \u2013 19:00. Mercoled\u00ec: 10:00 \u2013 13:00. Gioved\u00ec: 10:00 \u2013 13:00 \/ 15:30 \u2013 17:00. Venerd\u00ec\u2013domenica: 10:00 \u2013 13:00 \/ 16:00 \u2013 19:00.<\/p>\n<p class=\"orr-note\">Si visita con il tour accompagnato (10 \u20ac); ultimo ingresso un&#8217;ora prima della chiusura. Mercoled\u00ec pomeriggio chiuso.<\/p>\n<p class=\"orr-checked\">Verificato il 22 Agosto 2026 sulla fonte ufficiale.<\/p>\n<div class=\"orr-list\">\n<article data-w=\"Chiuso|10:00-13:00 \/ 15:00-18:30|10:00-13:00 \/ 15:00-18:30|10:00-13:00 \/ 15:00-18:30|10:00-13:00 \/ 15:00-19:00|10:00-13:00 \/ 15:00-19:00|10:00-13:00 \/ 15:00-19:00\" data-s=\"[{&quot;dal&quot;:&quot;0801&quot;,&quot;al&quot;:&quot;0831&quot;,&quot;w&quot;:[&quot;Chiuso&quot;,&quot;10:00-13:00 \\\/ 18:00-24:00&quot;,&quot;10:00-13:00 \\\/ 18:00-24:00&quot;,&quot;10:00-13:00 \\\/ 18:00-24:00&quot;,&quot;10:00-13:00 \\\/ 18:00-24:00&quot;,&quot;10:00-13:00 \\\/ 18:00-24:00&quot;,&quot;10:00-13:00 \\\/ 18:00-24:00&quot;]}]\"><\/article>\n<article class=\"orr-item is-open\" data-w=\"Chiuso|10:00-13:00 \/ 15:00-18:30|10:00-13:00 \/ 15:00-18:30|10:00-13:00 \/ 15:00-18:30|10:00-13:00 \/ 15:00-19:00|10:00-13:00 \/ 15:00-19:00|10:00-13:00 \/ 15:00-19:00\" data-s=\"[{&quot;dal&quot;:&quot;0801&quot;,&quot;al&quot;:&quot;0831&quot;,&quot;w&quot;:[&quot;Chiuso&quot;,&quot;10:00-13:00 \\\/ 18:00-24:00&quot;,&quot;10:00-13:00 \\\/ 18:00-24:00&quot;,&quot;10:00-13:00 \\\/ 18:00-24:00&quot;,&quot;10:00-13:00 \\\/ 18:00-24:00&quot;,&quot;10:00-13:00 \\\/ 18:00-24:00&quot;,&quot;10:00-13:00 \\\/ 18:00-24:00&quot;]}]\"><img loading=\"lazy\" decoding=\"async\" class=\"alignnone size-medium wp-image-7298\" src=\"https:\/\/www.mareallarco.com\/wp-content\/uploads\/2026\/09\/293458816_10160331086972249_9152659684901017120_n-271x300.webp\" alt=\"\" width=\"271\" height=\"300\" srcset=\"https:\/\/www.mareallarco.com\/wp-content\/uploads\/2026\/09\/293458816_10160331086972249_9152659684901017120_n-271x300.webp 271w, https:\/\/www.mareallarco.com\/wp-content\/uploads\/2026\/09\/293458816_10160331086972249_9152659684901017120_n-11x12.webp 11w, https:\/\/www.mareallarco.com\/wp-content\/uploads\/2026\/09\/293458816_10160331086972249_9152659684901017120_n.webp 541w\" sizes=\"auto, (max-width: 271px) 100vw, 271px\" \/><\/p>\n<h3><a href=\"https:\/\/scoprigaeta.it\/attrazione\/complesso-monumentale-ss-annunziata-cappella-doro\/\">Complesso Monumentale Santissima Annunziata \u2013 Cappella d\u2019Oro<\/a><\/h3>\n<p class=\"orr-today\" aria-live=\"off\">Oggi: 10:00\u201313:00, 15:00\u201318:30<\/p>\n<p class=\"orr-when\">Marted\u00ec\u2013gioved\u00ec: 10:00 \u2013 13:00 \/ 15:00 \u2013 18:30. Venerd\u00ec\u2013domenica: 10:00 \u2013 13:00 \/ 15:00 \u2013 19:00. Chiuso: luned\u00ec.<\/p>\n<ul class=\"orr-seasons\">\n<li><b>Agosto \u00b7 1\/8 \u2013 31\/8<\/b> Marted\u00ec\u2013domenica: 10:00 \u2013 13:00 \/ 18:00 \u2013 24:00. Chiuso: luned\u00ec.<\/li>\n<\/ul>\n<p class=\"orr-checked\">Verificato il 22 Agosto 2026 sulla fonte ufficiale.<\/p>\n<\/article>\n<article class=\"orr-item is-closed\" data-w=\"Chiuso|Chiuso|Chiuso|Chiuso|Chiuso|Chiuso|10:00-12:00\"><img loading=\"lazy\" decoding=\"async\" class=\"alignnone size-medium wp-image-7299\" src=\"https:\/\/www.mareallarco.com\/wp-content\/uploads\/2026\/09\/banner-7-300x214.webp\" alt=\"\" width=\"300\" height=\"214\" srcset=\"https:\/\/www.mareallarco.com\/wp-content\/uploads\/2026\/09\/banner-7-300x214.webp 300w, https:\/\/www.mareallarco.com\/wp-content\/uploads\/2026\/09\/banner-7-18x12.webp 18w, https:\/\/www.mareallarco.com\/wp-content\/uploads\/2026\/09\/banner-7.webp 700w\" sizes=\"auto, (max-width: 300px) 100vw, 300px\" \/><\/p>\n<h3><a href=\"https:\/\/scoprigaeta.it\/attrazione\/forno-reale\/\">Forno Reale<\/a><\/h3>\n<p class=\"orr-today\" aria-live=\"off\">Oggi chiuso<\/p>\n<p class=\"orr-when\">Domenica: 10:00 \u2013 12:00. Chiuso: luned\u00ec\u2013sabato.<\/p>\n<\/article>\n<article class=\"orr-item is-closed\" data-w=\"Chiuso|Chiuso|Chiuso|Chiuso|Chiuso|18:30-20:30|Chiuso\"><img loading=\"lazy\" decoding=\"async\" class=\"alignnone size-medium wp-image-7300\" src=\"https:\/\/www.mareallarco.com\/wp-content\/uploads\/2026\/09\/764px-Gaeta_sepolcreto_marittimo_-_Esterno_3-300x236.webp\" alt=\"\" width=\"300\" height=\"236\" srcset=\"https:\/\/www.mareallarco.com\/wp-content\/uploads\/2026\/09\/764px-Gaeta_sepolcreto_marittimo_-_Esterno_3-300x236.webp 300w, https:\/\/www.mareallarco.com\/wp-content\/uploads\/2026\/09\/764px-Gaeta_sepolcreto_marittimo_-_Esterno_3-15x12.webp 15w, https:\/\/www.mareallarco.com\/wp-content\/uploads\/2026\/09\/764px-Gaeta_sepolcreto_marittimo_-_Esterno_3.webp 565w\" sizes=\"auto, (max-width: 300px) 100vw, 300px\" \/><\/p>\n<h3><a href=\"https:\/\/scoprigaeta.it\/attrazione\/sepolcreto-marittimo\/\">Sepolcreto Marittimo<\/a><\/h3>\n<p class=\"orr-today\" aria-live=\"off\">Oggi chiuso<\/p>\n<p class=\"orr-when\">Sabato: 18:30 \u2013 20:30. Chiuso: luned\u00ec\u2013venerd\u00ec, domenica.<\/p>\n<\/article>\n<\/div>\n<\/section>\n<section id=\"sez-musei\" class=\"plc-sec orr-sec\">\n<p class=\"plc-eyebrow\">5 luoghi<\/p>\n<h2 class=\"plc-h\">Musei, palazzi e biblioteca<\/h2>\n<p class=\"orr-sec-p\">Aperture spesso pomeridiane e nel fine settimana: prima di salire fino a Gaeta vecchia, controlla il giorno.<\/p>\n<div class=\"orr-list\">\n<article class=\"orr-item is-open\" data-w=\"08:00-13:30|08:00-13:00 \/ 15:00-17:45|08:00-13:30|08:00-13:00 \/ 15:00-17:45|Chiuso|Chiuso|Chiuso\"><img loading=\"lazy\" decoding=\"async\" class=\"alignnone size-medium wp-image-7302\" src=\"https:\/\/www.mareallarco.com\/wp-content\/uploads\/2026\/09\/DJI_0834-1024x576-1-300x169.webp\" alt=\"\" width=\"300\" height=\"169\" srcset=\"https:\/\/www.mareallarco.com\/wp-content\/uploads\/2026\/09\/DJI_0834-1024x576-1-300x169.webp 300w, https:\/\/www.mareallarco.com\/wp-content\/uploads\/2026\/09\/DJI_0834-1024x576-1-768x432.webp 768w, https:\/\/www.mareallarco.com\/wp-content\/uploads\/2026\/09\/DJI_0834-1024x576-1-18x10.webp 18w, https:\/\/www.mareallarco.com\/wp-content\/uploads\/2026\/09\/DJI_0834-1024x576-1.webp 1024w\" sizes=\"auto, (max-width: 300px) 100vw, 300px\" \/><\/p>\n<h3><a href=\"https:\/\/scoprigaeta.it\/attrazione\/biblioteca-comunale-salvatore-mignano\/\">Biblioteca Comunale \u201cSalvatore Mignano\u201d<\/a><\/h3>\n<p class=\"orr-today\" aria-live=\"off\">Oggi: 08:00\u201313:00, 15:00\u201317:45<\/p>\n<p class=\"orr-when\">Luned\u00ec: 08:00 \u2013 13:30. Marted\u00ec: 08:00 \u2013 13:00 \/ 15:00 \u2013 17:45. Mercoled\u00ec: 08:00 \u2013 13:30. Gioved\u00ec: 08:00 \u2013 13:00 \/ 15:00 \u2013 17:45. Chiuso: venerd\u00ec\u2013domenica.<\/p>\n<\/article>\n<article class=\"orr-item is-open\" data-w=\"09:30-12:00 \/ 15:00-19:00|09:30-12:00 \/ 15:00-19:00|09:30-12:00 \/ 15:00-19:00|09:30-12:00 \/ 15:00-19:00|09:30-12:00 \/ 15:00-19:00|15:00-19:00|Chiuso\"><img loading=\"lazy\" decoding=\"async\" class=\"alignnone size-medium wp-image-7303\" src=\"https:\/\/www.mareallarco.com\/wp-content\/uploads\/2026\/09\/IMG_0294-scaled-1-e1761685110556-300x225.webp\" alt=\"\" width=\"300\" height=\"225\" srcset=\"https:\/\/www.mareallarco.com\/wp-content\/uploads\/2026\/09\/IMG_0294-scaled-1-e1761685110556-300x225.webp 300w, https:\/\/www.mareallarco.com\/wp-content\/uploads\/2026\/09\/IMG_0294-scaled-1-e1761685110556-768x576.webp 768w, https:\/\/www.mareallarco.com\/wp-content\/uploads\/2026\/09\/IMG_0294-scaled-1-e1761685110556-16x12.webp 16w, https:\/\/www.mareallarco.com\/wp-content\/uploads\/2026\/09\/IMG_0294-scaled-1-e1761685110556.webp 800w\" sizes=\"auto, (max-width: 300px) 100vw, 300px\" \/><\/p>\n<h3><a href=\"https:\/\/scoprigaeta.it\/attrazione\/museo-del-centro-storico-culturale-gaeta\/\">Museo del Centro Storico Culturale<\/a><\/h3>\n<p class=\"orr-today\" aria-live=\"off\">Oggi: 09:30\u201312:00, 15:00\u201319:00<\/p>\n<p class=\"orr-when\">Luned\u00ec\u2013venerd\u00ec: 09:30 \u2013 12:00 \/ 15:00 \u2013 19:00. Sabato: 15:00 \u2013 19:00. Chiuso: domenica.<\/p>\n<\/article>\n<article class=\"orr-item is-closed\" data-w=\"Chiuso|Chiuso|Chiuso|Chiuso|Chiuso|17:30-20:30|17:30-20:30\"><img loading=\"lazy\" decoding=\"async\" class=\"alignnone size-medium wp-image-7301\" src=\"https:\/\/www.mareallarco.com\/wp-content\/uploads\/2026\/09\/369994088_686698333487241_1115194335149016842_n-210x300.webp\" alt=\"\" width=\"210\" height=\"300\" srcset=\"https:\/\/www.mareallarco.com\/wp-content\/uploads\/2026\/09\/369994088_686698333487241_1115194335149016842_n-210x300.webp 210w, https:\/\/www.mareallarco.com\/wp-content\/uploads\/2026\/09\/369994088_686698333487241_1115194335149016842_n-8x12.webp 8w, https:\/\/www.mareallarco.com\/wp-content\/uploads\/2026\/09\/369994088_686698333487241_1115194335149016842_n.webp 509w\" sizes=\"auto, (max-width: 210px) 100vw, 210px\" \/><\/p>\n<h3><a href=\"https:\/\/scoprigaeta.it\/attrazione\/museo-del-mare\/\">Museo del Mare<\/a><\/h3>\n<p class=\"orr-today\" aria-live=\"off\">Oggi chiuso<\/p>\n<p class=\"orr-when\">Sabato\u2013domenica: 17:30 \u2013 20:30. Chiuso: luned\u00ec\u2013venerd\u00ec.<\/p>\n<\/article>\n<article class=\"orr-item is-open\" data-w=\"Chiuso|09:00-12:00|Chiuso|09:00-12:00|Chiuso|09:00-12:00 \/ 15:30-18:30|Chiuso\"><img loading=\"lazy\" decoding=\"async\" class=\"alignnone size-medium wp-image-7304\" src=\"https:\/\/www.mareallarco.com\/wp-content\/uploads\/2026\/09\/Gaeta_palazzo_De_Vio_-_Facciata_2-300x219.webp\" alt=\"\" width=\"300\" height=\"219\" srcset=\"https:\/\/www.mareallarco.com\/wp-content\/uploads\/2026\/09\/Gaeta_palazzo_De_Vio_-_Facciata_2-300x219.webp 300w, https:\/\/www.mareallarco.com\/wp-content\/uploads\/2026\/09\/Gaeta_palazzo_De_Vio_-_Facciata_2-16x12.webp 16w, https:\/\/www.mareallarco.com\/wp-content\/uploads\/2026\/09\/Gaeta_palazzo_De_Vio_-_Facciata_2.webp 744w\" sizes=\"auto, (max-width: 300px) 100vw, 300px\" \/><\/p>\n<h3><a href=\"https:\/\/scoprigaeta.it\/attrazione\/museo-diocesano\/\">Museo Diocesano<\/a><\/h3>\n<p class=\"orr-today\" aria-live=\"off\">Oggi: 09:00\u201312:00<\/p>\n<p class=\"orr-when\">Marted\u00ec: 09:00 \u2013 12:00. Gioved\u00ec: 09:00 \u2013 12:00. Sabato: 09:00 \u2013 12:00 \/ 15:30 \u2013 18:30. Chiuso: luned\u00ec, mercoled\u00ec, venerd\u00ec, domenica.<\/p>\n<\/article>\n<article class=\"orr-item is-open\" data-w=\"Chiuso|16:00-20:00|16:00-20:00|16:00-20:00|11:00-13:00 \/ 16:00-20:00|16:00-20:00|16:00-20:00\"><img loading=\"lazy\" decoding=\"async\" class=\"alignnone size-medium wp-image-7305\" src=\"https:\/\/www.mareallarco.com\/wp-content\/uploads\/2026\/09\/pinacoteca-300x199.webp\" alt=\"\" width=\"300\" height=\"199\" srcset=\"https:\/\/www.mareallarco.com\/wp-content\/uploads\/2026\/09\/pinacoteca-300x199.webp 300w, https:\/\/www.mareallarco.com\/wp-content\/uploads\/2026\/09\/pinacoteca-18x12.webp 18w, https:\/\/www.mareallarco.com\/wp-content\/uploads\/2026\/09\/pinacoteca.webp 567w\" sizes=\"auto, (max-width: 300px) 100vw, 300px\" \/><\/p>\n<h3><a href=\"https:\/\/scoprigaeta.it\/attrazione\/pinacoteca-comunale-antonio-sapone\/\">Pinacoteca Comunale \u201cAntonio Sapone\u201d<\/a><\/h3>\n<p class=\"orr-today\" aria-live=\"off\">Oggi: 16:00\u201320:00<\/p>\n<p class=\"orr-when\">Marted\u00ec\u2013gioved\u00ec: 16:00 \u2013 20:00. Venerd\u00ec: 11:00 \u2013 13:00 \/ 16:00 \u2013 20:00. Sabato\u2013domenica: 16:00 \u2013 20:00. Chiuso: luned\u00ec.<\/p>\n<\/article>\n<\/div>\n<\/section>\n<section id=\"sez-mercati\" class=\"plc-sec orr-sec\">\n<p class=\"plc-eyebrow\">1 luoghi<\/p>\n<h2 class=\"plc-h\">Mercati<\/h2>\n<p class=\"orr-sec-p\">Un giorno a settimana, la mattina.<\/p>\n<div class=\"orr-list\">\n<article class=\"orr-item is-closed\" data-w=\"Chiuso|Chiuso|07:30-14:00|Chiuso|Chiuso|Chiuso|Chiuso\"><img loading=\"lazy\" decoding=\"async\" class=\"alignnone size-medium wp-image-7306\" src=\"https:\/\/www.mareallarco.com\/wp-content\/uploads\/2026\/09\/mercato-settimanale-gaeta-cover-v2-1024x576-1-300x169.webp\" alt=\"\" width=\"300\" height=\"169\" srcset=\"https:\/\/www.mareallarco.com\/wp-content\/uploads\/2026\/09\/mercato-settimanale-gaeta-cover-v2-1024x576-1-300x169.webp 300w, https:\/\/www.mareallarco.com\/wp-content\/uploads\/2026\/09\/mercato-settimanale-gaeta-cover-v2-1024x576-1-768x432.webp 768w, https:\/\/www.mareallarco.com\/wp-content\/uploads\/2026\/09\/mercato-settimanale-gaeta-cover-v2-1024x576-1-18x10.webp 18w, https:\/\/www.mareallarco.com\/wp-content\/uploads\/2026\/09\/mercato-settimanale-gaeta-cover-v2-1024x576-1.webp 1024w\" sizes=\"auto, (max-width: 300px) 100vw, 300px\" \/><\/p>\n<h3><a href=\"https:\/\/scoprigaeta.it\/attrazione\/mercato-settimanale-di-gaeta\/\">Mercato settimanale di Gaeta<\/a><\/h3>\n<p class=\"orr-today\" aria-live=\"off\">Oggi chiuso<\/p>\n<p class=\"orr-when\">Mercoled\u00ec: 07:30 \u2013 14:00. Chiuso: luned\u00ec\u2013marted\u00ec, gioved\u00ec\u2013domenica.<\/p>\n<\/article>\n<\/div>\n<\/section>\n<section id=\"sez-sempre\" class=\"plc-sec orr-sec\">\n<p class=\"plc-eyebrow\">21 luoghi<\/p>\n<h2 class=\"plc-h\">Sempre accessibili<\/h2>\n<p class=\"orr-sec-p\">Borghi, porte, mausolei e belvedere all&#8217;aperto: non hanno un orario, si passeggia quando si vuole.<\/p>\n<ul class=\"orr-compact\">\n<li><a href=\"https:\/\/scoprigaeta.it\/attrazione\/borgo-di-elena-porto-salvo\/\">Borgo di Elena (Porto Salvo)<\/a><\/li>\n<li><a href=\"https:\/\/scoprigaeta.it\/attrazione\/cappella-della-madonna-del-colle\/\">Cappella della Madonna del Colle<\/a><\/li>\n<li><a href=\"https:\/\/scoprigaeta.it\/attrazione\/cappella-della-madonna-di-casalarga\/\">Cappella della Madonna di Casalarga<\/a><\/li>\n<li><a href=\"https:\/\/scoprigaeta.it\/attrazione\/cappella-della-madonna-di-conca\/\">Cappella della Madonna di Conca<\/a><\/li>\n<li><a href=\"https:\/\/scoprigaeta.it\/attrazione\/cappella-della-madonna-di-longato\/\">Cappella della Madonna di Longato<\/a><\/li>\n<li><a href=\"https:\/\/scoprigaeta.it\/attrazione\/costa-rocciosa-tra-sperlonga-e-gaeta\/\">Costa Rocciosa (tra Sperlonga e Gaeta)<\/a><\/li>\n<li><a href=\"https:\/\/scoprigaeta.it\/attrazione\/eucalipti-colle-continenti\/\">Eucalipti e Via del Colle<\/a><\/li>\n<li><a href=\"https:\/\/scoprigaeta.it\/attrazione\/gaeta-vecchia-sant-erasmo\/\">Gaeta Sant\u2019Erasmo (Gaeta Vecchia)<\/a><\/li>\n<li><a href=\"https:\/\/scoprigaeta.it\/attrazione\/piaja-conca-sant-agostino\/\">La Piaja, Conca e Sant\u2019Agostino<\/a><\/li>\n<li><a href=\"https:\/\/scoprigaeta.it\/attrazione\/mausoleo-di-lucio-munazio-planco\/\">Mausoleo di Lucio Munazio Planco<\/a><\/li>\n<li><a href=\"https:\/\/scoprigaeta.it\/attrazione\/mausoleo-di-lucio-sempronio-atratino\/\">Mausoleo di Lucio Sempronio Atratino<\/a><\/li>\n<li><a href=\"https:\/\/scoprigaeta.it\/attrazione\/monte-moneta\/\">Monte Moneta<\/a><\/li>\n<li><a href=\"https:\/\/scoprigaeta.it\/attrazione\/monte-tortona\/\">Monte Tortona<\/a><\/li>\n<li><a href=\"https:\/\/scoprigaeta.it\/attrazione\/parco-regionale-riviera-di-ulisse-monte-orlando\/\">Parco Regionale Riviera di Ulisse (Monte Orlando)<\/a><\/li>\n<li><a href=\"https:\/\/scoprigaeta.it\/attrazione\/polveriera-carolina\/\">Polveriera Carolina<\/a><\/li>\n<li><a href=\"https:\/\/scoprigaeta.it\/attrazione\/porta-carlo-iii\/\">Porta Carlo III<\/a><\/li>\n<li><a href=\"https:\/\/scoprigaeta.it\/attrazione\/porta-domnica\/\">Porta Domnica<\/a><\/li>\n<li><a href=\"https:\/\/scoprigaeta.it\/attrazione\/pozzo-del-diavolo\/\">Pozzo del Diavolo<\/a><\/li>\n<li><a href=\"https:\/\/scoprigaeta.it\/attrazione\/rione-montesecco\/\">Rione Montesecco<\/a><\/li>\n<li><a href=\"https:\/\/scoprigaeta.it\/attrazione\/statua-di-santa-maria-ausiliatrice\/\">Statua di Santa Maria Ausiliatrice<\/a><\/li>\n<li><a href=\"https:\/\/scoprigaeta.it\/attrazione\/villa-gneo-fonteo-fontania\/\">Villa di Gneo Fonteo<\/a><\/li>\n<\/ul>\n<\/section>\n<section id=\"sez-chiusi\" class=\"plc-sec orr-sec\">\n<p class=\"plc-eyebrow\">15 luoghi<\/p>\n<h2 class=\"plc-h\">Chiusi al momento<\/h2>\n<p class=\"orr-sec-p\">Non visitabili oggi: per lavori, per mancanza di un gestore o perch\u00e9 aprono solo in occasione di eventi.<\/p>\n<ul class=\"orr-compact\">\n<li><a href=\"https:\/\/scoprigaeta.it\/attrazione\/bastioni-carlo-v\/\">Bastioni Carlo V<\/a><\/li>\n<li><a href=\"https:\/\/scoprigaeta.it\/attrazione\/batteria-la-favorita\/\">Batteria \u201cLa Favorita\u201d<\/a><\/li>\n<li><a href=\"https:\/\/scoprigaeta.it\/attrazione\/chiesa-del-ss-rosario\/\">Chiesa del Santissimo Rosario<\/a><\/li>\n<li><a href=\"https:\/\/scoprigaeta.it\/attrazione\/chiesa-della-santissima-vergine-addolorata\/\">Chiesa della Santissima Vergine Addolorata<\/a><\/li>\n<li><a href=\"https:\/\/scoprigaeta.it\/attrazione\/chiesa-di-santa-caterina-dalessandria\/\">Chiesa di Santa Caterina d\u2019Alessandria<\/a><\/li>\n<li><a href=\"https:\/\/scoprigaeta.it\/attrazione\/ex-chiesa-di-san-giuda-taddeo\/\">Ex Chiesa di San Giuda Taddeo<\/a><\/li>\n<li><a href=\"https:\/\/scoprigaeta.it\/attrazione\/forte-emilio-savio\/\">Forte Emilio Savio<\/a><\/li>\n<li><a href=\"https:\/\/scoprigaeta.it\/attrazione\/palazzo-della-gran-guardia\/\">Palazzo della Gran Guardia<\/a><\/li>\n<li><a href=\"https:\/\/scoprigaeta.it\/attrazione\/polveriera-ferdinando-museo-naturalistico\/\">Polveriera Ferdinando (Museo Naturalistico)<\/a><\/li>\n<li><a href=\"https:\/\/scoprigaeta.it\/attrazione\/polveriera-trabacco\/\">Polveriera Trabacco<\/a><\/li>\n<li><a href=\"https:\/\/scoprigaeta.it\/attrazione\/porta-carlo-v\/\">Porta Carlo V<\/a><\/li>\n<li><a href=\"https:\/\/scoprigaeta.it\/attrazione\/torre-santagostino\/\">Torre Sant\u2019Agostino<\/a><\/li>\n<li><a href=\"https:\/\/scoprigaeta.it\/attrazione\/torre-scissure\/\">Torre Scissure<\/a><\/li>\n<li><a href=\"https:\/\/scoprigaeta.it\/attrazione\/torre-viola\/\">Torre Viola<\/a><\/li>\n<li><a href=\"https:\/\/scoprigaeta.it\/attrazione\/torrione-francese\/\">Torrione Francese<\/a><\/li>\n<\/ul>\n<\/section>","protected":false},"excerpt":{"rendered":"<p>Monte Orlando e la Montagna Spaccata Il santuario, la fenditura, la Grotta del Turco e il parco: stesso promontorio, orari diversi. Il luned\u00ec il percorso sacro resta chiuso. Montagna Spaccata (Monte Orlando) Oggi: 09:00\u201312:00, 14:30\u201319:00 Marted\u00ec\u2013domenica: 09:00 \u2013 12:00 \/ 14:30 \u2013 19:00. Chiuso: luned\u00ec. Grotta del Turco (Monte Orlando) Oggi: 09:00\u201311:45, 14:30\u201318:30 Marted\u00ec\u2013domenica: 09:00 [&hellip;]<\/p>","protected":false},"author":1,"featured_media":7307,"comment_status":"closed","ping_status":"closed","sticky":false,"template":"","format":"standard","meta":{"footnotes":""},"categories":[109,118,1],"tags":[],"class_list":["post-7280","post","type-post","status-publish","format-standard","has-post-thumbnail","hentry","category-escursioni","category-news","category-servizi"],"_links":{"self":[{"href":"https:\/\/www.mareallarco.com\/en\/wp-json\/wp\/v2\/posts\/7280","targetHints":{"allow":["GET"]}}],"collection":[{"href":"https:\/\/www.mareallarco.com\/en\/wp-json\/wp\/v2\/posts"}],"about":[{"href":"https:\/\/www.mareallarco.com\/en\/wp-json\/wp\/v2\/types\/post"}],"author":[{"embeddable":true,"href":"https:\/\/www.mareallarco.com\/en\/wp-json\/wp\/v2\/users\/1"}],"replies":[{"embeddable":true,"href":"https:\/\/www.mareallarco.com\/en\/wp-json\/wp\/v2\/comments?post=7280"}],"version-history":[{"count":1,"href":"https:\/\/www.mareallarco.com\/en\/wp-json\/wp\/v2\/posts\/7280\/revisions"}],"predecessor-version":[{"id":7308,"href":"https:\/\/www.mareallarco.com\/en\/wp-json\/wp\/v2\/posts\/7280\/revisions\/7308"}],"wp:featuredmedia":[{"embeddable":true,"href":"https:\/\/www.mareallarco.com\/en\/wp-json\/wp\/v2\/media\/7307"}],"wp:attachment":[{"href":"https:\/\/www.mareallarco.com\/en\/wp-json\/wp\/v2\/media?parent=7280"}],"wp:term":[{"taxonomy":"category","embeddable":true,"href":"https:\/\/www.mareallarco.com\/en\/wp-json\/wp\/v2\/categories?post=7280"},{"taxonomy":"post_tag","embeddable":true,"href":"https:\/\/www.mareallarco.com\/en\/wp-json\/wp\/v2\/tags?post=7280"}],"curies":[{"name":"wp","href":"https:\/\/api.w.org\/{rel}","templated":true}]}}